{"id":7640,"date":"2016-09-28T17:55:31","date_gmt":"2016-09-28T15:55:31","guid":{"rendered":"http:\/\/www.feuerwehr-ibbenbueren.de\/?p=7640"},"modified":"2016-10-01T06:39:04","modified_gmt":"2016-10-01T04:39:04","slug":"bab-absicherung-rettungsdienst-2-3-2-2-copy-copy-copy","status":"publish","type":"post","link":"https:\/\/www.feuerwehr-ibbenbueren.de\/?p=7640","title":{"rendered":"BAB Absicherung Rettungsdienst"},"content":{"rendered":"<p><strong>Einsatzbericht:<\/strong>\u00a0Da sich der Dienstbetrieb noch auf dem Technische-Hilfe-Einsatz befand, fuhren Kr\u00e4fte, die sich noch an der Wache befanden, auf die BAB 30.<\/p>\n<p><!--more-->Dort hatte es an der Anschlussstelle Lotte eine Verkehrsunfall gegeben. Da sich der Unfall allerdings auf der Landstra\u00dfe ereignete, die ein Autobahnzubringer ist, gab es keine Zust\u00e4ndigkeit f\u00fcr die Feuerwehr Ibbenb\u00fcren. In Absprache mit der Polizei r\u00fcckte das LF10-1 wieder ein.<\/p>\n","protected":false},"excerpt":{"rendered":"<p>Einsatzbericht:\u00a0Da sich der Dienstbetrieb noch auf dem Technische-Hilfe-Einsatz befand, fuhren Kr\u00e4fte, die sich noch an der Wache befanden, auf die BAB 30.<\/p>\n","protected":false},"author":7,"featured_media":1830,"comment_status":"open","ping_status":"open","sticky":false,"template":"","format":"standard","meta":{"footnotes":""},"categories":[10,5],"tags":[188,239],"class_list":["post-7640","post","type-post","status-publish","format-standard","has-post-thumbnail","hentry","category-alle-beitraege","category-einsaetze","tag-absicherung-rettungsdienst","tag-kraefte-an-der-wache"],"_links":{"self":[{"href":"https:\/\/www.feuerwehr-ibbenbueren.de\/index.php?rest_route=\/wp\/v2\/posts\/7640","targetHints":{"allow":["GET"]}}],"collection":[{"href":"https:\/\/www.feuerwehr-ibbenbueren.de\/index.php?rest_route=\/wp\/v2\/posts"}],"about":[{"href":"https:\/\/www.feuerwehr-ibbenbueren.de\/index.php?rest_route=\/wp\/v2\/types\/post"}],"author":[{"embeddable":true,"href":"https:\/\/www.feuerwehr-ibbenbueren.de\/index.php?rest_route=\/wp\/v2\/users\/7"}],"replies":[{"embeddable":true,"href":"https:\/\/www.feuerwehr-ibbenbueren.de\/index.php?rest_route=%2Fwp%2Fv2%2Fcomments&post=7640"}],"version-history":[{"count":3,"href":"https:\/\/www.feuerwehr-ibbenbueren.de\/index.php?rest_route=\/wp\/v2\/posts\/7640\/revisions"}],"predecessor-version":[{"id":7648,"href":"https:\/\/www.feuerwehr-ibbenbueren.de\/index.php?rest_route=\/wp\/v2\/posts\/7640\/revisions\/7648"}],"wp:featuredmedia":[{"embeddable":true,"href":"https:\/\/www.feuerwehr-ibbenbueren.de\/index.php?rest_route=\/wp\/v2\/media\/1830"}],"wp:attachment":[{"href":"https:\/\/www.feuerwehr-ibbenbueren.de\/index.php?rest_route=%2Fwp%2Fv2%2Fmedia&parent=7640"}],"wp:term":[{"taxonomy":"category","embeddable":true,"href":"https:\/\/www.feuerwehr-ibbenbueren.de\/index.php?rest_route=%2Fwp%2Fv2%2Fcategories&post=7640"},{"taxonomy":"post_tag","embeddable":true,"href":"https:\/\/www.feuerwehr-ibbenbueren.de\/index.php?rest_route=%2Fwp%2Fv2%2Ftags&post=7640"}],"curies":[{"name":"wp","href":"https:\/\/api.w.org\/{rel}","templated":true}]}}