{"id":7896,"date":"2016-10-19T16:49:40","date_gmt":"2016-10-19T14:49:40","guid":{"rendered":"http:\/\/www.feuerwehr-ibbenbueren.de\/?p=7896"},"modified":"2016-10-19T17:43:27","modified_gmt":"2016-10-19T15:43:27","slug":"kleinbrand-2-2-4-3-3-2-2-2-copy-copy-2-copy-2-copy-2-copy-copy-copy-2-copy-copy-copy-copy","status":"publish","type":"post","link":"https:\/\/www.feuerwehr-ibbenbueren.de\/?p=7896","title":{"rendered":"BMA Toom Baumarkt"},"content":{"rendered":"<p><strong>Einsatzbericht: <\/strong>Der Dienstbetrieb und der L\u00f6schzug Stadtmitte 2 wurden zu einer ausgel\u00f6sten Brandmeldeanlage alarmiert. <!--more-->Durch einen technischen Defekt, in der Sprinkleranlage, wurde die BMA ausgel\u00f6st. Kontrolle durch die Feuerwehr. Einsatzstelle den Betreiber \u00fcbergeben.<\/p>\n","protected":false},"excerpt":{"rendered":"<p>Einsatzbericht: Der Dienstbetrieb und der L\u00f6schzug Stadtmitte 2 wurden zu einer ausgel\u00f6sten Brandmeldeanlage alarmiert.<\/p>\n","protected":false},"author":7,"featured_media":3025,"comment_status":"open","ping_status":"open","sticky":false,"template":"","format":"standard","meta":{"footnotes":""},"categories":[10,5],"tags":[67,65,66],"class_list":["post-7896","post","type-post","status-publish","format-standard","has-post-thumbnail","hentry","category-alle-beitraege","category-einsaetze","tag-bma","tag-dienstbetrieb","tag-stadtmitte-2"],"_links":{"self":[{"href":"https:\/\/www.feuerwehr-ibbenbueren.de\/index.php?rest_route=\/wp\/v2\/posts\/7896","targetHints":{"allow":["GET"]}}],"collection":[{"href":"https:\/\/www.feuerwehr-ibbenbueren.de\/index.php?rest_route=\/wp\/v2\/posts"}],"about":[{"href":"https:\/\/www.feuerwehr-ibbenbueren.de\/index.php?rest_route=\/wp\/v2\/types\/post"}],"author":[{"embeddable":true,"href":"https:\/\/www.feuerwehr-ibbenbueren.de\/index.php?rest_route=\/wp\/v2\/users\/7"}],"replies":[{"embeddable":true,"href":"https:\/\/www.feuerwehr-ibbenbueren.de\/index.php?rest_route=%2Fwp%2Fv2%2Fcomments&post=7896"}],"version-history":[{"count":2,"href":"https:\/\/www.feuerwehr-ibbenbueren.de\/index.php?rest_route=\/wp\/v2\/posts\/7896\/revisions"}],"predecessor-version":[{"id":7898,"href":"https:\/\/www.feuerwehr-ibbenbueren.de\/index.php?rest_route=\/wp\/v2\/posts\/7896\/revisions\/7898"}],"wp:featuredmedia":[{"embeddable":true,"href":"https:\/\/www.feuerwehr-ibbenbueren.de\/index.php?rest_route=\/wp\/v2\/media\/3025"}],"wp:attachment":[{"href":"https:\/\/www.feuerwehr-ibbenbueren.de\/index.php?rest_route=%2Fwp%2Fv2%2Fmedia&parent=7896"}],"wp:term":[{"taxonomy":"category","embeddable":true,"href":"https:\/\/www.feuerwehr-ibbenbueren.de\/index.php?rest_route=%2Fwp%2Fv2%2Fcategories&post=7896"},{"taxonomy":"post_tag","embeddable":true,"href":"https:\/\/www.feuerwehr-ibbenbueren.de\/index.php?rest_route=%2Fwp%2Fv2%2Ftags&post=7896"}],"curies":[{"name":"wp","href":"https:\/\/api.w.org\/{rel}","templated":true}]}}