{"id":7950,"date":"2016-10-30T07:20:18","date_gmt":"2016-10-30T06:20:18","guid":{"rendered":"http:\/\/www.feuerwehr-ibbenbueren.de\/?p=7950"},"modified":"2016-10-31T07:12:28","modified_gmt":"2016-10-31T06:12:28","slug":"kleinbrand-2-2-4-3-3-2-2-2-copy-copy-2-copy-copy-copy-copy-copy-copy-copy-copy-copy-copy-3-copy-copy-copy-2-copy-copy-copy-copy-copy-copy","status":"publish","type":"post","link":"https:\/\/www.feuerwehr-ibbenbueren.de\/?p=7950","title":{"rendered":"Geb\u00e4udebrand mittel, schwarze Rauchentwicklung aus der Halle"},"content":{"rendered":"<p><strong>Einsatzbericht:\u00a0<\/strong>Am Sonntagmorgen wurden der Dienstbetrieb und die beiden L\u00f6schz\u00fcge Stadtmitte zu einem Brand in das Gewerbegebiet S\u00fcd-Ost alarmiert.<\/p>\n<p><!--more-->Aus dem Dach einer Halle der Teutoburger \u00d6lm\u00fchle drang schwarzer Rauch ins Freie. Die ersteintreffenden Kr\u00e4fte verschafften sich Zugang zum Geb\u00e4ude und gingen im Innenangriff zur Brandbek\u00e4mpfung vor. Zu dem Zeitpunkt lief keine Produktion in der Halle, Personen waren nicht in Gefahr. Der Brandherd konnte schnell lokalisiert und das Feuer gel\u00f6scht werden &#8211; unter anderem hatte Isoliermaterial gebrannt. Es waren drei Trupps unter PA im Einsatz.<\/p>\n<p>Der mitalarmierte Rettungsdienst verblieb f\u00fcr die Dauer des Einsatzes zur Eigensicherung der eingesetzten Kr\u00e4fte vor Ort. Die Wasserversorgung wurde mittels \u00dcberflurhydranten auf der gegen\u00fcberliegenden Stra\u00dfenseite sichergestellt, weshalb die Gutenbergstra\u00dfe f\u00fcr den flie\u00dfenden Verkehr gesperrt war.<\/p>\n<p>F\u00fcr die Entrauchung des Geb\u00e4udes kamen Hochleistungsl\u00fcfter zum Einsatz, \u00a0es wurden Rolltore und Dachluken ge\u00f6ffnet . Schlie\u00dflich konnte die Einsatzstelle rauchfrei dem Betreiber \u00fcbergeben werden.<\/p>\n<p><a href=\"http:\/\/www.ivz-aktuell.de\/Artikel\/112628\/Lokales\/Brand-an-der-Teutoburger-Oelmuehle\" target=\"_blank\">Link zum Bericht auf ivz-aktuell<\/a><\/p>\n\n\t\t<div id='gallery-1' class='gallery galleryid-7950 gallery-columns-4 gallery-size-thumbnail gallery1'><script type=\"text\/javascript\">\r\n\/\/ <![CDATA[\r\n\tjQuery(document).ready(function () {\r\n\t\tjQuery(\".gallery1 a\").attr(\"rel\",\"gallery1\");\t\r\n\t\tjQuery('a[rel=\"gallery1\"]').colorbox({maxWidth:\"95%\", maxHeight:\"95%\",title: function(){ return jQuery(this).children().attr(\"alt\"); }, });\r\n\t});\r\n\/\/ ]]>\r\n<\/script>\n<dl class=\"gallery-item\">\n<dt class=\"gallery-icon\">\r\n<a href=\"https:\/\/www.feuerwehr-ibbenbueren.de\/wp-content\/uploads\/2016\/10\/20161030_TOEM_01.jpg\" title=\"\" rel=\"gallery1\"><img loading=\"lazy\" decoding=\"async\" src=\"https:\/\/www.feuerwehr-ibbenbueren.de\/wp-content\/uploads\/2016\/10\/20161030_TOEM_01-150x150.jpg\" width=\"150\" height=\"150\" alt=\"\" \/><\/a>\r\n<\/dt><\/dl><dl class=\"gallery-item\">\n<dt class=\"gallery-icon\">\r\n<a href=\"https:\/\/www.feuerwehr-ibbenbueren.de\/wp-content\/uploads\/2016\/10\/20161030_TOEM_02.jpg\" title=\"\" rel=\"gallery1\"><img loading=\"lazy\" decoding=\"async\" src=\"https:\/\/www.feuerwehr-ibbenbueren.de\/wp-content\/uploads\/2016\/10\/20161030_TOEM_02-150x150.jpg\" width=\"150\" height=\"150\" alt=\"\" \/><\/a>\r\n<\/dt><\/dl><dl class=\"gallery-item\">\n<dt class=\"gallery-icon\">\r\n<a href=\"https:\/\/www.feuerwehr-ibbenbueren.de\/wp-content\/uploads\/2016\/10\/20161030_TOEM_03.jpg\" title=\"\" rel=\"gallery1\"><img loading=\"lazy\" decoding=\"async\" src=\"https:\/\/www.feuerwehr-ibbenbueren.de\/wp-content\/uploads\/2016\/10\/20161030_TOEM_03-150x150.jpg\" width=\"150\" height=\"150\" alt=\"\" \/><\/a>\r\n<\/dt><\/dl><dl class=\"gallery-item\">\n<dt class=\"gallery-icon\">\r\n<a href=\"https:\/\/www.feuerwehr-ibbenbueren.de\/wp-content\/uploads\/2016\/10\/20161030_TOEM_04.jpg\" title=\"\" rel=\"gallery1\"><img loading=\"lazy\" decoding=\"async\" src=\"https:\/\/www.feuerwehr-ibbenbueren.de\/wp-content\/uploads\/2016\/10\/20161030_TOEM_04-150x150.jpg\" width=\"150\" height=\"150\" alt=\"\" \/><\/a>\r\n<\/dt><\/dl><br style=\"clear: both\" \/><dl class=\"gallery-item\">\n<dt class=\"gallery-icon\">\r\n<a href=\"https:\/\/www.feuerwehr-ibbenbueren.de\/wp-content\/uploads\/2016\/10\/20161030_TOEM_05.jpg\" title=\"\" rel=\"gallery1\"><img loading=\"lazy\" decoding=\"async\" src=\"https:\/\/www.feuerwehr-ibbenbueren.de\/wp-content\/uploads\/2016\/10\/20161030_TOEM_05-150x150.jpg\" width=\"150\" height=\"150\" alt=\"\" \/><\/a>\r\n<\/dt><\/dl><dl class=\"gallery-item\">\n<dt class=\"gallery-icon\">\r\n<a href=\"https:\/\/www.feuerwehr-ibbenbueren.de\/wp-content\/uploads\/2016\/10\/20161030_TOEM_06.jpg\" title=\"\" rel=\"gallery1\"><img loading=\"lazy\" decoding=\"async\" src=\"https:\/\/www.feuerwehr-ibbenbueren.de\/wp-content\/uploads\/2016\/10\/20161030_TOEM_06-150x150.jpg\" width=\"150\" height=\"150\" alt=\"\" \/><\/a>\r\n<\/dt><\/dl>\r\n\t\t\t<br style='clear: both' \/>\r\n\t\t<\/div>\n\n","protected":false},"excerpt":{"rendered":"<p>Einsatzbericht:\u00a0Am Sonntagmorgen wurden der Dienstbetrieb und die beiden L\u00f6schz\u00fcge Stadtmitte zu einem Brand in das Gewerbegebiet S\u00fcd-Ost alarmiert.<\/p>\n","protected":false},"author":2,"featured_media":7954,"comment_status":"open","ping_status":"open","sticky":false,"template":"","format":"standard","meta":{"footnotes":""},"categories":[10,5],"tags":[65,71,60,66],"class_list":["post-7950","post","type-post","status-publish","format-standard","has-post-thumbnail","hentry","category-alle-beitraege","category-einsaetze","tag-dienstbetrieb","tag-feuer","tag-stadtmitte-1","tag-stadtmitte-2"],"_links":{"self":[{"href":"https:\/\/www.feuerwehr-ibbenbueren.de\/index.php?rest_route=\/wp\/v2\/posts\/7950","targetHints":{"allow":["GET"]}}],"collection":[{"href":"https:\/\/www.feuerwehr-ibbenbueren.de\/index.php?rest_route=\/wp\/v2\/posts"}],"about":[{"href":"https:\/\/www.feuerwehr-ibbenbueren.de\/index.php?rest_route=\/wp\/v2\/types\/post"}],"author":[{"embeddable":true,"href":"https:\/\/www.feuerwehr-ibbenbueren.de\/index.php?rest_route=\/wp\/v2\/users\/2"}],"replies":[{"embeddable":true,"href":"https:\/\/www.feuerwehr-ibbenbueren.de\/index.php?rest_route=%2Fwp%2Fv2%2Fcomments&post=7950"}],"version-history":[{"count":5,"href":"https:\/\/www.feuerwehr-ibbenbueren.de\/index.php?rest_route=\/wp\/v2\/posts\/7950\/revisions"}],"predecessor-version":[{"id":7975,"href":"https:\/\/www.feuerwehr-ibbenbueren.de\/index.php?rest_route=\/wp\/v2\/posts\/7950\/revisions\/7975"}],"wp:featuredmedia":[{"embeddable":true,"href":"https:\/\/www.feuerwehr-ibbenbueren.de\/index.php?rest_route=\/wp\/v2\/media\/7954"}],"wp:attachment":[{"href":"https:\/\/www.feuerwehr-ibbenbueren.de\/index.php?rest_route=%2Fwp%2Fv2%2Fmedia&parent=7950"}],"wp:term":[{"taxonomy":"category","embeddable":true,"href":"https:\/\/www.feuerwehr-ibbenbueren.de\/index.php?rest_route=%2Fwp%2Fv2%2Fcategories&post=7950"},{"taxonomy":"post_tag","embeddable":true,"href":"https:\/\/www.feuerwehr-ibbenbueren.de\/index.php?rest_route=%2Fwp%2Fv2%2Ftags&post=7950"}],"curies":[{"name":"wp","href":"https:\/\/api.w.org\/{rel}","templated":true}]}}