{"id":8078,"date":"2016-11-10T18:30:50","date_gmt":"2016-11-10T17:30:50","guid":{"rendered":"http:\/\/www.feuerwehr-ibbenbueren.de\/?p=8078"},"modified":"2016-11-12T11:05:16","modified_gmt":"2016-11-12T10:05:16","slug":"betriebsstoffe-aufnehmen-3-2-3-3-3-3-2-3-12-3-2-2-4-2-2-3-5-2-2-2-2-2-2-copy-copy-copy-copy-copy-copy-copy-copy-2-copy-copy-2-copy-2-copy-2-copy-3-copy-copy-copy-copy","status":"publish","type":"post","link":"https:\/\/www.feuerwehr-ibbenbueren.de\/?p=8078","title":{"rendered":"\u00d6l auf Stra\u00dfe"},"content":{"rendered":"<p><strong>Einsatzbericht: <\/strong>Bereits auf der Anfahrt zur Einsatzstelle Fr\u00f6belstra\u00dfe fiel den Kollegen eine weitere \u00d6lspur im Bereich Poststra\u00dfe auf.<\/p>\n<p><!--more-->Nachdem die Einsatzstelle Fr\u00f6belstra\u00dfe abgearbeitet war, machte man sich auf dem Weg zur n\u00e4chste \u00d6lspur. Die Einsatzstelle zog sich \u00fcber mehrere Stra\u00dfenz\u00fcge im Stadtgebiet. Die Dieselspur wurde abgestreut und die Einsatzstelle dem Stra\u00dfenbaulasttr\u00e4ger \u00fcbergeben.<\/p>\n","protected":false},"excerpt":{"rendered":"<p>Einsatzbericht: Bereits auf der Anfahrt zur Einsatzstelle Fr\u00f6belstra\u00dfe fiel den Kollegen eine weitere \u00d6lspur im Bereich Poststra\u00dfe auf.<\/p>\n","protected":false},"author":7,"featured_media":1829,"comment_status":"open","ping_status":"open","sticky":false,"template":"","format":"standard","meta":{"footnotes":""},"categories":[10,5],"tags":[196,80,73],"class_list":["post-8078","post","type-post","status-publish","format-standard","has-post-thumbnail","hentry","category-alle-beitraege","category-einsaetze","tag-nur-dienstbetrieb-2016","tag-oel","tag-th"],"_links":{"self":[{"href":"https:\/\/www.feuerwehr-ibbenbueren.de\/index.php?rest_route=\/wp\/v2\/posts\/8078","targetHints":{"allow":["GET"]}}],"collection":[{"href":"https:\/\/www.feuerwehr-ibbenbueren.de\/index.php?rest_route=\/wp\/v2\/posts"}],"about":[{"href":"https:\/\/www.feuerwehr-ibbenbueren.de\/index.php?rest_route=\/wp\/v2\/types\/post"}],"author":[{"embeddable":true,"href":"https:\/\/www.feuerwehr-ibbenbueren.de\/index.php?rest_route=\/wp\/v2\/users\/7"}],"replies":[{"embeddable":true,"href":"https:\/\/www.feuerwehr-ibbenbueren.de\/index.php?rest_route=%2Fwp%2Fv2%2Fcomments&post=8078"}],"version-history":[{"count":1,"href":"https:\/\/www.feuerwehr-ibbenbueren.de\/index.php?rest_route=\/wp\/v2\/posts\/8078\/revisions"}],"predecessor-version":[{"id":8079,"href":"https:\/\/www.feuerwehr-ibbenbueren.de\/index.php?rest_route=\/wp\/v2\/posts\/8078\/revisions\/8079"}],"wp:featuredmedia":[{"embeddable":true,"href":"https:\/\/www.feuerwehr-ibbenbueren.de\/index.php?rest_route=\/wp\/v2\/media\/1829"}],"wp:attachment":[{"href":"https:\/\/www.feuerwehr-ibbenbueren.de\/index.php?rest_route=%2Fwp%2Fv2%2Fmedia&parent=8078"}],"wp:term":[{"taxonomy":"category","embeddable":true,"href":"https:\/\/www.feuerwehr-ibbenbueren.de\/index.php?rest_route=%2Fwp%2Fv2%2Fcategories&post=8078"},{"taxonomy":"post_tag","embeddable":true,"href":"https:\/\/www.feuerwehr-ibbenbueren.de\/index.php?rest_route=%2Fwp%2Fv2%2Ftags&post=8078"}],"curies":[{"name":"wp","href":"https:\/\/api.w.org\/{rel}","templated":true}]}}