{"id":8158,"date":"2016-11-19T12:47:55","date_gmt":"2016-11-19T11:47:55","guid":{"rendered":"http:\/\/www.feuerwehr-ibbenbueren.de\/?p=8158"},"modified":"2016-11-22T22:33:50","modified_gmt":"2016-11-22T21:33:50","slug":"betriebsstoffe-aufnehmen-3-2-3-3-3-3-2-3-12-3-2-2-4-2-2-3-5-2-2-2-2-2-2-copy-copy-copy-copy-copy-copy-copy-copy-2-copy-copy-2-copy-2-copy-2-copy-3-copy-copy-copy-copy-copy-copy-copy-copy","status":"publish","type":"post","link":"https:\/\/www.feuerwehr-ibbenbueren.de\/?p=8158","title":{"rendered":"\u00d6l auf Stra\u00dfe"},"content":{"rendered":"<p><strong>Einsatzbericht:<\/strong> Der Dienstbetrieb wurde zu einer \u00d6lspur an der Wilhelmstra\u00dfe alarmiert.<\/p>\n<p><!--more-->Bei Eintreffen war der Sta\u00dfenbaulasttr\u00e4ger schon vor Ort. Kein Einsatz f\u00fcr die Feuerwehr.<\/p>\n","protected":false},"excerpt":{"rendered":"<p>Einsatzbericht: Der Dienstbetrieb wurde zu einer \u00d6lspur an der Wilhelmstra\u00dfe alarmiert.<\/p>\n","protected":false},"author":7,"featured_media":1829,"comment_status":"open","ping_status":"open","sticky":false,"template":"","format":"standard","meta":{"footnotes":""},"categories":[10,5],"tags":[196,80,73],"class_list":["post-8158","post","type-post","status-publish","format-standard","has-post-thumbnail","hentry","category-alle-beitraege","category-einsaetze","tag-nur-dienstbetrieb-2016","tag-oel","tag-th"],"_links":{"self":[{"href":"https:\/\/www.feuerwehr-ibbenbueren.de\/index.php?rest_route=\/wp\/v2\/posts\/8158","targetHints":{"allow":["GET"]}}],"collection":[{"href":"https:\/\/www.feuerwehr-ibbenbueren.de\/index.php?rest_route=\/wp\/v2\/posts"}],"about":[{"href":"https:\/\/www.feuerwehr-ibbenbueren.de\/index.php?rest_route=\/wp\/v2\/types\/post"}],"author":[{"embeddable":true,"href":"https:\/\/www.feuerwehr-ibbenbueren.de\/index.php?rest_route=\/wp\/v2\/users\/7"}],"replies":[{"embeddable":true,"href":"https:\/\/www.feuerwehr-ibbenbueren.de\/index.php?rest_route=%2Fwp%2Fv2%2Fcomments&post=8158"}],"version-history":[{"count":3,"href":"https:\/\/www.feuerwehr-ibbenbueren.de\/index.php?rest_route=\/wp\/v2\/posts\/8158\/revisions"}],"predecessor-version":[{"id":8221,"href":"https:\/\/www.feuerwehr-ibbenbueren.de\/index.php?rest_route=\/wp\/v2\/posts\/8158\/revisions\/8221"}],"wp:featuredmedia":[{"embeddable":true,"href":"https:\/\/www.feuerwehr-ibbenbueren.de\/index.php?rest_route=\/wp\/v2\/media\/1829"}],"wp:attachment":[{"href":"https:\/\/www.feuerwehr-ibbenbueren.de\/index.php?rest_route=%2Fwp%2Fv2%2Fmedia&parent=8158"}],"wp:term":[{"taxonomy":"category","embeddable":true,"href":"https:\/\/www.feuerwehr-ibbenbueren.de\/index.php?rest_route=%2Fwp%2Fv2%2Fcategories&post=8158"},{"taxonomy":"post_tag","embeddable":true,"href":"https:\/\/www.feuerwehr-ibbenbueren.de\/index.php?rest_route=%2Fwp%2Fv2%2Ftags&post=8158"}],"curies":[{"name":"wp","href":"https:\/\/api.w.org\/{rel}","templated":true}]}}