{"id":8238,"date":"2016-11-24T10:05:34","date_gmt":"2016-11-24T09:05:34","guid":{"rendered":"http:\/\/www.feuerwehr-ibbenbueren.de\/?p=8238"},"modified":"2016-12-22T18:34:43","modified_gmt":"2016-12-22T17:34:43","slug":"betriebsstoffe-aufnehmen-3-2-3-3-3-3-2-3-12-3-2-2-4-2-2-3-5-2-2-2-2-2-2-copy-copy-copy-copy-copy-copy-copy-copy-2-copy-copy-2-copy-2-copy-2-copy-3-copy-copy-copy-copy-copy-copy-copy-copy-copy-2","status":"publish","type":"post","link":"https:\/\/www.feuerwehr-ibbenbueren.de\/?p=8238","title":{"rendered":"P-Aufzug"},"content":{"rendered":"<p><strong>Einsatzbericht:<\/strong> Der Dienstbetrieb wurde zu einem defekten Aufzug, in dem sich Personen befanden, alarmiert. <!--more-->Bei Eintreffen steckte der Fahrstuhl im 2.OG fest und die T\u00fcren \u00f6ffneten nicht mehr. Durch die Feuerwehr wurde die Aufzugt\u00fcr ge\u00f6ffnet, so dass die eingeschlossenen Personen gerettet werden konnten. Die befreiten Personen wurden durch den Rettungsdienst versorgt. Die Aufzugsanlage wurde au\u00dfer Betrieb genommen und dem Hauseigent\u00fcmer \u00fcbergeben.<\/p>\n","protected":false},"excerpt":{"rendered":"<p>Einsatzbericht: Der Dienstbetrieb wurde zu einem defekten Aufzug, in dem sich Personen befanden, alarmiert.<\/p>\n","protected":false},"author":7,"featured_media":1829,"comment_status":"open","ping_status":"open","sticky":false,"template":"","format":"standard","meta":{"footnotes":""},"categories":[10,5],"tags":[196,73],"class_list":["post-8238","post","type-post","status-publish","format-standard","has-post-thumbnail","hentry","category-alle-beitraege","category-einsaetze","tag-nur-dienstbetrieb-2016","tag-th"],"_links":{"self":[{"href":"https:\/\/www.feuerwehr-ibbenbueren.de\/index.php?rest_route=\/wp\/v2\/posts\/8238","targetHints":{"allow":["GET"]}}],"collection":[{"href":"https:\/\/www.feuerwehr-ibbenbueren.de\/index.php?rest_route=\/wp\/v2\/posts"}],"about":[{"href":"https:\/\/www.feuerwehr-ibbenbueren.de\/index.php?rest_route=\/wp\/v2\/types\/post"}],"author":[{"embeddable":true,"href":"https:\/\/www.feuerwehr-ibbenbueren.de\/index.php?rest_route=\/wp\/v2\/users\/7"}],"replies":[{"embeddable":true,"href":"https:\/\/www.feuerwehr-ibbenbueren.de\/index.php?rest_route=%2Fwp%2Fv2%2Fcomments&post=8238"}],"version-history":[{"count":3,"href":"https:\/\/www.feuerwehr-ibbenbueren.de\/index.php?rest_route=\/wp\/v2\/posts\/8238\/revisions"}],"predecessor-version":[{"id":8554,"href":"https:\/\/www.feuerwehr-ibbenbueren.de\/index.php?rest_route=\/wp\/v2\/posts\/8238\/revisions\/8554"}],"wp:featuredmedia":[{"embeddable":true,"href":"https:\/\/www.feuerwehr-ibbenbueren.de\/index.php?rest_route=\/wp\/v2\/media\/1829"}],"wp:attachment":[{"href":"https:\/\/www.feuerwehr-ibbenbueren.de\/index.php?rest_route=%2Fwp%2Fv2%2Fmedia&parent=8238"}],"wp:term":[{"taxonomy":"category","embeddable":true,"href":"https:\/\/www.feuerwehr-ibbenbueren.de\/index.php?rest_route=%2Fwp%2Fv2%2Fcategories&post=8238"},{"taxonomy":"post_tag","embeddable":true,"href":"https:\/\/www.feuerwehr-ibbenbueren.de\/index.php?rest_route=%2Fwp%2Fv2%2Ftags&post=8238"}],"curies":[{"name":"wp","href":"https:\/\/api.w.org\/{rel}","templated":true}]}}