{"id":8533,"date":"2016-12-21T23:04:19","date_gmt":"2016-12-21T22:04:19","guid":{"rendered":"http:\/\/www.feuerwehr-ibbenbueren.de\/?p=8533"},"modified":"2016-12-22T18:27:36","modified_gmt":"2016-12-22T17:27:36","slug":"kleinbrand-2-2-4-3-3-2-2-2-3-2-3-copy-copy-copy-copy-2","status":"publish","type":"post","link":"https:\/\/www.feuerwehr-ibbenbueren.de\/?p=8533","title":{"rendered":"Sonstige Hilfeleistung"},"content":{"rendered":"<p><strong>Einsatzbericht: <\/strong>Ein Rollstuhlfahrer, der zu Besuch in einem mehrst\u00f6ckigen Geb\u00e4ude war, konnte dieses nicht mehr alleine verlassen. <!--more-->Da der Fahrstuhl ausgefallen war, konnte der Rollstuhlfahrer das 4.OG nicht ohne Hilfe verlassen. Die Feuerwehr forderte einen RTW nach, um die hilflose Person mittels Tragestuhl ins EG zu bef\u00f6rdern. Auch der Elektrorollstuhl wurde durch die eingesetzten Kr\u00e4fte f\u00fcr die Person nach unten getragen.<\/p>\n<p>&nbsp;<\/p>\n","protected":false},"excerpt":{"rendered":"<p>Einsatzbericht: Ein Rollstuhlfahrer, der zu Besuch in einem mehrst\u00f6ckigen Geb\u00e4ude war, konnte dieses nicht mehr alleine verlassen.<\/p>\n","protected":false},"author":7,"featured_media":3026,"comment_status":"open","ping_status":"open","sticky":false,"template":"","format":"standard","meta":{"footnotes":""},"categories":[10,5],"tags":[196,195,73],"class_list":["post-8533","post","type-post","status-publish","format-standard","has-post-thumbnail","hentry","category-alle-beitraege","category-einsaetze","tag-nur-dienstbetrieb-2016","tag-sonstige","tag-th"],"_links":{"self":[{"href":"https:\/\/www.feuerwehr-ibbenbueren.de\/index.php?rest_route=\/wp\/v2\/posts\/8533","targetHints":{"allow":["GET"]}}],"collection":[{"href":"https:\/\/www.feuerwehr-ibbenbueren.de\/index.php?rest_route=\/wp\/v2\/posts"}],"about":[{"href":"https:\/\/www.feuerwehr-ibbenbueren.de\/index.php?rest_route=\/wp\/v2\/types\/post"}],"author":[{"embeddable":true,"href":"https:\/\/www.feuerwehr-ibbenbueren.de\/index.php?rest_route=\/wp\/v2\/users\/7"}],"replies":[{"embeddable":true,"href":"https:\/\/www.feuerwehr-ibbenbueren.de\/index.php?rest_route=%2Fwp%2Fv2%2Fcomments&post=8533"}],"version-history":[{"count":2,"href":"https:\/\/www.feuerwehr-ibbenbueren.de\/index.php?rest_route=\/wp\/v2\/posts\/8533\/revisions"}],"predecessor-version":[{"id":8545,"href":"https:\/\/www.feuerwehr-ibbenbueren.de\/index.php?rest_route=\/wp\/v2\/posts\/8533\/revisions\/8545"}],"wp:featuredmedia":[{"embeddable":true,"href":"https:\/\/www.feuerwehr-ibbenbueren.de\/index.php?rest_route=\/wp\/v2\/media\/3026"}],"wp:attachment":[{"href":"https:\/\/www.feuerwehr-ibbenbueren.de\/index.php?rest_route=%2Fwp%2Fv2%2Fmedia&parent=8533"}],"wp:term":[{"taxonomy":"category","embeddable":true,"href":"https:\/\/www.feuerwehr-ibbenbueren.de\/index.php?rest_route=%2Fwp%2Fv2%2Fcategories&post=8533"},{"taxonomy":"post_tag","embeddable":true,"href":"https:\/\/www.feuerwehr-ibbenbueren.de\/index.php?rest_route=%2Fwp%2Fv2%2Ftags&post=8533"}],"curies":[{"name":"wp","href":"https:\/\/api.w.org\/{rel}","templated":true}]}}