{"id":8656,"date":"2017-01-02T10:22:08","date_gmt":"2017-01-02T09:22:08","guid":{"rendered":"http:\/\/www.feuerwehr-ibbenbueren.de\/?p=8656"},"modified":"2017-01-02T11:50:45","modified_gmt":"2017-01-02T10:50:45","slug":"ferienfreizeit-doerenthe2015-2-2-2-2-2-3-2-2-4-copy-copy","status":"publish","type":"post","link":"https:\/\/www.feuerwehr-ibbenbueren.de\/?p=8656","title":{"rendered":"Gewalt gegen Rettungsfahrzeuge und Einsatzkr\u00e4fte nimmt zu"},"content":{"rendered":"<p>Aggressionen gegen Rettungskr\u00e4fte sind mehr geworden, best\u00e4tigt Bernward Plake, Sachgebietsleiter f\u00fcr den Rettungsdienst der Ibbenb\u00fcrener Feuerwache. Dabei werden die Einsatzkr\u00e4fte beschimpft,<!--more-->\u00a0manchmal sogar t\u00e4tlich angegriffen und die Wagen besch\u00e4digt. Plake w\u00fcnscht sich etwas mehr Respekt gegen\u00fcber denjenigen, die anderen helfen&#8230;<\/p>\n<p><a href=\"http:\/\/www.ivz-aktuell.de\/Artikel\/130723\/Lokales\/Gewalt-gegen-Rettungsfahrzeuge-und-Einsatzkraefte-nimmt-zu\" target=\"_blank\">Link zum Onlinebericht der IVZaktuell<\/a><\/p>\n<p>Bild mit freundlicher Genehmigung der IVZ<\/p>\n","protected":false},"excerpt":{"rendered":"<p>Aggressionen gegen Rettungskr\u00e4fte sind mehr geworden, best\u00e4tigt Bernward Plake, Sachgebietsleiter f\u00fcr den Rettungsdienst der Ibbenb\u00fcrener Feuerwache. Dabei werden die Einsatzkr\u00e4fte beschimpft,<\/p>\n","protected":false},"author":3,"featured_media":8657,"comment_status":"closed","ping_status":"closed","sticky":false,"template":"","format":"standard","meta":{"footnotes":""},"categories":[10,8],"tags":[119,160,257],"class_list":["post-8656","post","type-post","status-publish","format-standard","has-post-thumbnail","hentry","category-alle-beitraege","category-information","tag-information","tag-ivz","tag-rettungsdienst"],"_links":{"self":[{"href":"https:\/\/www.feuerwehr-ibbenbueren.de\/index.php?rest_route=\/wp\/v2\/posts\/8656","targetHints":{"allow":["GET"]}}],"collection":[{"href":"https:\/\/www.feuerwehr-ibbenbueren.de\/index.php?rest_route=\/wp\/v2\/posts"}],"about":[{"href":"https:\/\/www.feuerwehr-ibbenbueren.de\/index.php?rest_route=\/wp\/v2\/types\/post"}],"author":[{"embeddable":true,"href":"https:\/\/www.feuerwehr-ibbenbueren.de\/index.php?rest_route=\/wp\/v2\/users\/3"}],"replies":[{"embeddable":true,"href":"https:\/\/www.feuerwehr-ibbenbueren.de\/index.php?rest_route=%2Fwp%2Fv2%2Fcomments&post=8656"}],"version-history":[{"count":3,"href":"https:\/\/www.feuerwehr-ibbenbueren.de\/index.php?rest_route=\/wp\/v2\/posts\/8656\/revisions"}],"predecessor-version":[{"id":8660,"href":"https:\/\/www.feuerwehr-ibbenbueren.de\/index.php?rest_route=\/wp\/v2\/posts\/8656\/revisions\/8660"}],"wp:featuredmedia":[{"embeddable":true,"href":"https:\/\/www.feuerwehr-ibbenbueren.de\/index.php?rest_route=\/wp\/v2\/media\/8657"}],"wp:attachment":[{"href":"https:\/\/www.feuerwehr-ibbenbueren.de\/index.php?rest_route=%2Fwp%2Fv2%2Fmedia&parent=8656"}],"wp:term":[{"taxonomy":"category","embeddable":true,"href":"https:\/\/www.feuerwehr-ibbenbueren.de\/index.php?rest_route=%2Fwp%2Fv2%2Fcategories&post=8656"},{"taxonomy":"post_tag","embeddable":true,"href":"https:\/\/www.feuerwehr-ibbenbueren.de\/index.php?rest_route=%2Fwp%2Fv2%2Ftags&post=8656"}],"curies":[{"name":"wp","href":"https:\/\/api.w.org\/{rel}","templated":true}]}}