{"id":9384,"date":"2017-03-12T00:23:56","date_gmt":"2017-03-11T23:23:56","guid":{"rendered":"http:\/\/www.feuerwehr-ibbenbueren.de\/?p=9384"},"modified":"2017-03-12T09:30:52","modified_gmt":"2017-03-12T08:30:52","slug":"betriebsstoffe-aufnehmen-2-2-2-2-4-2-2-2-2-2-2-4-2-2-5-2-2-4-3-2-2-2-2-2-2-2-2-2-3-copy-2-copy-copy-copy-copy-copy-copy-6","status":"publish","type":"post","link":"https:\/\/www.feuerwehr-ibbenbueren.de\/?p=9384","title":{"rendered":"Kleinbrand &#8211; M\u00fcllcontainer"},"content":{"rendered":"<p><strong>Einsatzbericht:\u00a0<\/strong>Die Feuerwehr wurde zu einem brennenden M\u00fcllcontainer an der Ludwigschule alarmiert.<br \/>\n<!--more--><\/p>\n<p>Das \u00fcblicherweise erstausr\u00fcckende HLF20-1 war zeitgleich in einem anderen Einsatz eingebunden. Da die Feuermeldung darauf schlie\u00dfen lie\u00df, dass m\u00f6glicherweise auch das Schulgeb\u00e4ude betroffen sein k\u00f6nnte, wurde zus\u00e4tzlich zum bereits alarmierten L\u00f6schzug Stadtmitte 1 auch noch der LZ Stadtmitte 2 alarmiert.<\/p>\n<p>An der Einsatzstelle konnten dann zwei brennende M\u00fclltonnen von einem Trupp unter PA mit einem C-Rohr schnell unter Kontrolle gebracht und schlie\u00dflich gel\u00f6scht werden.<\/p>\n<p>Gemeinsam mit dem Hausmeister und der Polizei wurde das Geb\u00e4udeinnere kontrolliert &#8211; keine Feststellung. Die Einsatzstelle wurde schlie\u00dflich an den Hausmeister \u00fcbergeben.<\/p>\n","protected":false},"excerpt":{"rendered":"<p>Einsatzbericht:\u00a0Die Feuerwehr wurde zu einem brennenden M\u00fcllcontainer an der Ludwigschule alarmiert.<\/p>\n","protected":false},"author":2,"featured_media":3023,"comment_status":"open","ping_status":"open","sticky":false,"template":"","format":"standard","meta":{"footnotes":""},"categories":[10,5],"tags":[71,79,263,259],"class_list":["post-9384","post","type-post","status-publish","format-standard","has-post-thumbnail","hentry","category-alle-beitraege","category-einsaetze","tag-feuer","tag-kleinbrand","tag-stadtmitte-1-2017","tag-stadtmitte-2-2017"],"_links":{"self":[{"href":"https:\/\/www.feuerwehr-ibbenbueren.de\/index.php?rest_route=\/wp\/v2\/posts\/9384","targetHints":{"allow":["GET"]}}],"collection":[{"href":"https:\/\/www.feuerwehr-ibbenbueren.de\/index.php?rest_route=\/wp\/v2\/posts"}],"about":[{"href":"https:\/\/www.feuerwehr-ibbenbueren.de\/index.php?rest_route=\/wp\/v2\/types\/post"}],"author":[{"embeddable":true,"href":"https:\/\/www.feuerwehr-ibbenbueren.de\/index.php?rest_route=\/wp\/v2\/users\/2"}],"replies":[{"embeddable":true,"href":"https:\/\/www.feuerwehr-ibbenbueren.de\/index.php?rest_route=%2Fwp%2Fv2%2Fcomments&post=9384"}],"version-history":[{"count":4,"href":"https:\/\/www.feuerwehr-ibbenbueren.de\/index.php?rest_route=\/wp\/v2\/posts\/9384\/revisions"}],"predecessor-version":[{"id":9391,"href":"https:\/\/www.feuerwehr-ibbenbueren.de\/index.php?rest_route=\/wp\/v2\/posts\/9384\/revisions\/9391"}],"wp:featuredmedia":[{"embeddable":true,"href":"https:\/\/www.feuerwehr-ibbenbueren.de\/index.php?rest_route=\/wp\/v2\/media\/3023"}],"wp:attachment":[{"href":"https:\/\/www.feuerwehr-ibbenbueren.de\/index.php?rest_route=%2Fwp%2Fv2%2Fmedia&parent=9384"}],"wp:term":[{"taxonomy":"category","embeddable":true,"href":"https:\/\/www.feuerwehr-ibbenbueren.de\/index.php?rest_route=%2Fwp%2Fv2%2Fcategories&post=9384"},{"taxonomy":"post_tag","embeddable":true,"href":"https:\/\/www.feuerwehr-ibbenbueren.de\/index.php?rest_route=%2Fwp%2Fv2%2Ftags&post=9384"}],"curies":[{"name":"wp","href":"https:\/\/api.w.org\/{rel}","templated":true}]}}