{"id":945,"date":"2015-04-16T16:19:22","date_gmt":"2015-04-16T16:19:22","guid":{"rendered":"http:\/\/www.feuerwehr-ibbenbueren.de\/?p=945"},"modified":"2015-08-26T17:10:29","modified_gmt":"2015-08-26T15:10:29","slug":"verkehrsunfall-radfahrer-unter-pkw","status":"publish","type":"post","link":"https:\/\/www.feuerwehr-ibbenbueren.de\/?p=945","title":{"rendered":"Verkehrsunfall, Radfahrer unter Pkw"},"content":{"rendered":"<p><strong>Einsatzbericht:\u00a0<\/strong>Bei Eintreffen der ersten Einsatzkr\u00e4fte war die Person nicht mehr eingeklemmt und konnte durch den<!--more--> Rettungsdienst versorgt werden. Absperrma\u00dfnahmen und Aufr\u00e4umarbeiten durch die Feuerwehr.<\/p>\n","protected":false},"excerpt":{"rendered":"<p>Einsatzbericht:\u00a0Bei Eintreffen der ersten Einsatzkr\u00e4fte war die Person nicht mehr eingeklemmt und konnte durch den<\/p>\n","protected":false},"author":2,"featured_media":1829,"comment_status":"open","ping_status":"open","sticky":false,"template":"","format":"standard","meta":{"footnotes":""},"categories":[10,5],"tags":[65,66,73,74],"class_list":["post-945","post","type-post","status-publish","format-standard","has-post-thumbnail","hentry","category-alle-beitraege","category-einsaetze","tag-dienstbetrieb","tag-stadtmitte-2","tag-th","tag-vu"],"_links":{"self":[{"href":"https:\/\/www.feuerwehr-ibbenbueren.de\/index.php?rest_route=\/wp\/v2\/posts\/945","targetHints":{"allow":["GET"]}}],"collection":[{"href":"https:\/\/www.feuerwehr-ibbenbueren.de\/index.php?rest_route=\/wp\/v2\/posts"}],"about":[{"href":"https:\/\/www.feuerwehr-ibbenbueren.de\/index.php?rest_route=\/wp\/v2\/types\/post"}],"author":[{"embeddable":true,"href":"https:\/\/www.feuerwehr-ibbenbueren.de\/index.php?rest_route=\/wp\/v2\/users\/2"}],"replies":[{"embeddable":true,"href":"https:\/\/www.feuerwehr-ibbenbueren.de\/index.php?rest_route=%2Fwp%2Fv2%2Fcomments&post=945"}],"version-history":[{"count":2,"href":"https:\/\/www.feuerwehr-ibbenbueren.de\/index.php?rest_route=\/wp\/v2\/posts\/945\/revisions"}],"predecessor-version":[{"id":1015,"href":"https:\/\/www.feuerwehr-ibbenbueren.de\/index.php?rest_route=\/wp\/v2\/posts\/945\/revisions\/1015"}],"wp:featuredmedia":[{"embeddable":true,"href":"https:\/\/www.feuerwehr-ibbenbueren.de\/index.php?rest_route=\/wp\/v2\/media\/1829"}],"wp:attachment":[{"href":"https:\/\/www.feuerwehr-ibbenbueren.de\/index.php?rest_route=%2Fwp%2Fv2%2Fmedia&parent=945"}],"wp:term":[{"taxonomy":"category","embeddable":true,"href":"https:\/\/www.feuerwehr-ibbenbueren.de\/index.php?rest_route=%2Fwp%2Fv2%2Fcategories&post=945"},{"taxonomy":"post_tag","embeddable":true,"href":"https:\/\/www.feuerwehr-ibbenbueren.de\/index.php?rest_route=%2Fwp%2Fv2%2Ftags&post=945"}],"curies":[{"name":"wp","href":"https:\/\/api.w.org\/{rel}","templated":true}]}}