{"id":9920,"date":"2017-06-03T15:31:19","date_gmt":"2017-06-03T13:31:19","guid":{"rendered":"http:\/\/www.feuerwehr-ibbenbueren.de\/?p=9920"},"modified":"2017-06-05T06:19:10","modified_gmt":"2017-06-05T04:19:10","slug":"betriebsstoffe-aufnehmen-3-2-3-3-3-3-2-3-12-3-2-2-4-2-2-3-5-2-2-2-2-2-2-copy-copy-copy-copy-copy-copy-copy-copy-2-copy-copy-2-copy-2-copy-copy-2-copy-2-copy-copy","status":"publish","type":"post","link":"https:\/\/www.feuerwehr-ibbenbueren.de\/?p=9920","title":{"rendered":"Person vor Zug"},"content":{"rendered":"<p><strong>Einsatzbericht: <\/strong>Am Samstagnachmittag wurden der Dienstbetrieb und der L\u00f6schzug Stadtmitte 2 zu einem Einsatz &#8222;Person vor Zug&#8220; alarmiert.<!--more--><\/p>\n<p>Die Einsatzstelle befand sich am Bahn\u00fcbergang Rodenweg bzw.Nordwestweg.<\/p>\n<p>Die ersteintreffenden Kr\u00e4fte fanden, nach der Sperrung der Bahnlinie, eine verletzte Person im B\u00f6schungsbereich am Gleisk\u00f6rper vor.<\/p>\n<p>Der Triebwagenf\u00fchrer wurde zur not\u00e4rztlichen Behandlung dem Rettungsdienst \u00fcbergeben. Gleichzeitig wurde im Inneren des Zuges nach weiteren Verletzten erkundet. Alle Fahrg\u00e4ste waren wohlauf. Die 72 Insassen des Zuges wurden durch die Feuerwehr evakuiert und mit Getr\u00e4nken versorgt. Die Fahrg\u00e4ste wurden mit Bussen zum n\u00e4chsten Bahnhof bef\u00f6rdert.<\/p>\n<p>Abschlie\u00dfend wurde die Einsatzstelle dem DB-Notfallmanager und der Bundespolizei \u00fcbergeben.<\/p>\n<p>Auch die Kr\u00e4fte, die an der Wache in Bereitstellung waren, konnten helfen. W\u00e4hrend die Feuerwehr ausr\u00fcckte, ereignete sich direkt an der Alarmausfahrt ein medizinischer Notfall.<\/p>\n<p>Eine Fahrradfahrerin erlitt einen epileptischen Anfall und prallte gegen ein Stra\u00dfenschild. Die Kr\u00e4fte von der Wache nahmen sich einen Notfallrucksack vom LF 10-1 und leisteten Erste Hilfe bis zum Eintreffen des Rettungshubschraubers &#8222;Christoph Europa 2&#8220; und des RTW-1.<\/p>\n","protected":false},"excerpt":{"rendered":"<p>Einsatzbericht: Am Samstagnachmittag wurden der Dienstbetrieb und der L\u00f6schzug Stadtmitte 2 zu einem Einsatz &#8222;Person vor Zug&#8220; alarmiert.<\/p>\n","protected":false},"author":7,"featured_media":1829,"comment_status":"open","ping_status":"open","sticky":false,"template":"","format":"standard","meta":{"footnotes":""},"categories":[10,5],"tags":[65,272,259,73],"class_list":["post-9920","post","type-post","status-publish","format-standard","has-post-thumbnail","hentry","category-alle-beitraege","category-einsaetze","tag-dienstbetrieb","tag-person-vor-zug","tag-stadtmitte-2-2017","tag-th"],"_links":{"self":[{"href":"https:\/\/www.feuerwehr-ibbenbueren.de\/index.php?rest_route=\/wp\/v2\/posts\/9920","targetHints":{"allow":["GET"]}}],"collection":[{"href":"https:\/\/www.feuerwehr-ibbenbueren.de\/index.php?rest_route=\/wp\/v2\/posts"}],"about":[{"href":"https:\/\/www.feuerwehr-ibbenbueren.de\/index.php?rest_route=\/wp\/v2\/types\/post"}],"author":[{"embeddable":true,"href":"https:\/\/www.feuerwehr-ibbenbueren.de\/index.php?rest_route=\/wp\/v2\/users\/7"}],"replies":[{"embeddable":true,"href":"https:\/\/www.feuerwehr-ibbenbueren.de\/index.php?rest_route=%2Fwp%2Fv2%2Fcomments&post=9920"}],"version-history":[{"count":5,"href":"https:\/\/www.feuerwehr-ibbenbueren.de\/index.php?rest_route=\/wp\/v2\/posts\/9920\/revisions"}],"predecessor-version":[{"id":9927,"href":"https:\/\/www.feuerwehr-ibbenbueren.de\/index.php?rest_route=\/wp\/v2\/posts\/9920\/revisions\/9927"}],"wp:featuredmedia":[{"embeddable":true,"href":"https:\/\/www.feuerwehr-ibbenbueren.de\/index.php?rest_route=\/wp\/v2\/media\/1829"}],"wp:attachment":[{"href":"https:\/\/www.feuerwehr-ibbenbueren.de\/index.php?rest_route=%2Fwp%2Fv2%2Fmedia&parent=9920"}],"wp:term":[{"taxonomy":"category","embeddable":true,"href":"https:\/\/www.feuerwehr-ibbenbueren.de\/index.php?rest_route=%2Fwp%2Fv2%2Fcategories&post=9920"},{"taxonomy":"post_tag","embeddable":true,"href":"https:\/\/www.feuerwehr-ibbenbueren.de\/index.php?rest_route=%2Fwp%2Fv2%2Ftags&post=9920"}],"curies":[{"name":"wp","href":"https:\/\/api.w.org\/{rel}","templated":true}]}}